{"id":152,"date":"2016-01-08T12:39:17","date_gmt":"2016-01-08T10:39:17","guid":{"rendered":"http:\/\/ARKTOS.stangl-taller.at\/news\/?p=152"},"modified":"2016-02-22T10:51:27","modified_gmt":"2016-02-22T08:51:27","slug":"opa-baer-und-sein-langer-bunter-schal","status":"publish","type":"post","link":"https:\/\/arktos.stangl-taller.at\/news\/opa-baer-und-sein-langer-bunter-schal\/","title":{"rendered":"Opa B\u00e4r und sein langer bunter Schal"},"content":{"rendered":"<p><b><iframe scrolling=\"no\" frameBorder=\"0\" src=\"\/\/ws-eu.amazon-adsystem.com\/widgets\/q?ServiceVersion=20070822&OneJS=1&Operation=GetAdHtml&MarketPlace=DE&source=ac&ref=tf_til&ad_type=product_link&tracking_id=psychoblogger-21&marketplace=amazon&region=DE&placement=3843605866&asins=3843605866\n\t\t\t&show_border=false&link_opens_in_new_window=true&price_color=333333&title_color=0066C0&bg_color=FFFFFF\" marginheight=\"0\" marginwidth=\"0\" style=\"float:right; width:120px; margin-left:10px; height:240px; background-color:#FFFFFF; border:1px solid #E0E0E0\" class=\"amazon-einzeltitel\"><\/iframe>Gillian Heal<\/b> erz\u00e4hlt in <b>\u201eOpa B\u00e4r und sein langer bunter Schal\u201c <\/b>die Geschichte vom kleinen B\u00e4ren und seinem Opa, den er \u00fcber alles liebt. Jeden Tag webt Opa B\u00e4r an seinem Schal und erkl\u00e4rt dabei dem kleinen B\u00e4ren, was die verschiedenen Farben zu bedeuten haben: Gelb f\u00fcr fr\u00f6hliche Tage, Grau und Schwarz, wenn er einmal traurig ist.<\/p>\n<p>Der kleine B\u00e4r liebt den langen bunten Schal seines Opas und beschlie\u00dft, seinen eigenen Schal zu weben. Und dabei kann er selbst bestimmen, welche Farben er w\u00e4hlt und ob sein Schal kuschlig oder rau wird!<\/p>\n<p><span class=\"a-size-base review-text\">Diese wunderbare Geschichte ist sehr <strong>lehrreich f\u00fcr kleine B\u00e4ren<\/strong>, denn da lernen sie, dass sie ihr Leben selber in die Hand \u2013 pardon: Tatzen \u2013 nehmen m\u00fcssen. Und dass es sch\u00f6ne Tage gibt und weniger sch\u00f6ne! Aber alle geh\u00f6ren zu einem kleinen B\u00e4renleben dazu! Und auch einem Menschenleben \u2026<br \/>\n<\/span><\/p>\n<p>Diese Geschichte \u00fcber Lieblingsfarben und Lebensmuster mit den farbenfrohen Illustrationen von <b>Angela Holzmann<\/b> l\u00e4dt zum Schm\u00f6kern und Schmunzeln ein.<\/p>\n","protected":false},"excerpt":{"rendered":"<p>Gillian Heal erz\u00e4hlt in \u201eOpa B\u00e4r und sein langer bunter Schal\u201c die Geschichte vom kleinen B\u00e4ren und seinem Opa, den er \u00fcber alles liebt. Jeden Tag webt Opa B\u00e4r an seinem Schal und erkl\u00e4rt dabei dem kleinen B\u00e4ren, was die verschiedenen Farben zu bedeuten haben: Gelb f\u00fcr fr\u00f6hliche Tage, Grau und Schwarz, wenn er einmal &hellip; <a href=\"https:\/\/arktos.stangl-taller.at\/news\/opa-baer-und-sein-langer-bunter-schal\/\" class=\"more-link\"><span class=\"screen-reader-text\">Opa B\u00e4r und sein langer bunter Schal<\/span> weiterlesen <span class=\"meta-nav\">&rarr;<\/span><\/a><\/p>\n","protected":false},"author":1,"featured_media":400,"comment_status":"open","ping_status":"closed","sticky":false,"template":"","format":"standard","meta":{"footnotes":""},"categories":[1],"tags":[],"class_list":["post-152","post","type-post","status-publish","format-standard","has-post-thumbnail","hentry","category-allgemein"],"_links":{"self":[{"href":"https:\/\/arktos.stangl-taller.at\/news\/wp-json\/wp\/v2\/posts\/152","targetHints":{"allow":["GET"]}}],"collection":[{"href":"https:\/\/arktos.stangl-taller.at\/news\/wp-json\/wp\/v2\/posts"}],"about":[{"href":"https:\/\/arktos.stangl-taller.at\/news\/wp-json\/wp\/v2\/types\/post"}],"author":[{"embeddable":true,"href":"https:\/\/arktos.stangl-taller.at\/news\/wp-json\/wp\/v2\/users\/1"}],"replies":[{"embeddable":true,"href":"https:\/\/arktos.stangl-taller.at\/news\/wp-json\/wp\/v2\/comments?post=152"}],"version-history":[{"count":2,"href":"https:\/\/arktos.stangl-taller.at\/news\/wp-json\/wp\/v2\/posts\/152\/revisions"}],"predecessor-version":[{"id":157,"href":"https:\/\/arktos.stangl-taller.at\/news\/wp-json\/wp\/v2\/posts\/152\/revisions\/157"}],"wp:featuredmedia":[{"embeddable":true,"href":"https:\/\/arktos.stangl-taller.at\/news\/wp-json\/wp\/v2\/media\/400"}],"wp:attachment":[{"href":"https:\/\/arktos.stangl-taller.at\/news\/wp-json\/wp\/v2\/media?parent=152"}],"wp:term":[{"taxonomy":"category","embeddable":true,"href":"https:\/\/arktos.stangl-taller.at\/news\/wp-json\/wp\/v2\/categories?post=152"},{"taxonomy":"post_tag","embeddable":true,"href":"https:\/\/arktos.stangl-taller.at\/news\/wp-json\/wp\/v2\/tags?post=152"}],"curies":[{"name":"wp","href":"https:\/\/api.w.org\/{rel}","templated":true}]}}