{"id":175,"date":"2017-02-23T15:46:25","date_gmt":"2017-02-23T13:46:25","guid":{"rendered":"http:\/\/ARKTOS.stangl-taller.at\/news\/?p=175"},"modified":"2019-03-14T13:11:57","modified_gmt":"2019-03-14T11:11:57","slug":"teddybaeren-sind-nicht-mehr-im-oesterreichischen-warenkorb","status":"publish","type":"post","link":"https:\/\/arktos.stangl-taller.at\/news\/teddybaeren-sind-nicht-mehr-im-oesterreichischen-warenkorb\/","title":{"rendered":"Teddyb\u00e4ren sind nicht mehr im \u00f6sterreichischen Warenkorb!"},"content":{"rendered":"<p>Der Kurier vom 22. Februar 2017 meldet, dass Teddyyb\u00e4ren nicht mehr im Warenkorb sind! Alle f\u00fcnf Jahre werden von der <strong>Statistik Austria<\/strong> die ge\u00e4nderten Konsumgewohnheiten ber\u00fccksichtigt und \u00e4ndert die Zusammensetzung des Warenkorbes zur Berechnung der Inflation, wobei die Basis unter anderem die Befragung von mehr als 7000 Haushalten ist. Nun z\u00e4hlt der Teddyb\u00e4r zu jenen 67 Waren und Dienstleistungen, die aus dem Warenkorb entfernt wurden, denn angeblich haben die Statistiker nicht mehr den emotionellen Zugang und verzichteten auf den Teddyb\u00e4r. Daf\u00fcr wurden Fertigteig und die Tanzschule, aber auch Mischbrot und Haart\u00f6nung aufgenommen.<\/p>\n<p><strong>Da haben sie wohl den falschen Haushalt besucht!<\/strong><\/p>\n<p><img decoding=\"async\" src=\"https:\/\/arktos.stangl-taller.at\/news\/wp-content\/uploads\/2017\/02\/konsum-warenkorb.jpg\" alt=\"\" width=\"100%\" \/><\/p>\n","protected":false},"excerpt":{"rendered":"<p>Der Kurier vom 22. Februar 2017 meldet, dass Teddyyb\u00e4ren nicht mehr im Warenkorb sind! Alle f\u00fcnf Jahre werden von der Statistik Austria die ge\u00e4nderten Konsumgewohnheiten ber\u00fccksichtigt und \u00e4ndert die Zusammensetzung des Warenkorbes zur Berechnung der Inflation, wobei die Basis unter anderem die Befragung von mehr als 7000 Haushalten ist. Nun z\u00e4hlt der Teddyb\u00e4r zu jenen &hellip; <a href=\"https:\/\/arktos.stangl-taller.at\/news\/teddybaeren-sind-nicht-mehr-im-oesterreichischen-warenkorb\/\" class=\"more-link\"><span class=\"screen-reader-text\">Teddyb\u00e4ren sind nicht mehr im \u00f6sterreichischen Warenkorb!<\/span> weiterlesen <span class=\"meta-nav\">&rarr;<\/span><\/a><\/p>\n","protected":false},"author":1,"featured_media":396,"comment_status":"open","ping_status":"closed","sticky":false,"template":"","format":"standard","meta":{"footnotes":""},"categories":[47],"tags":[],"class_list":["post-175","post","type-post","status-publish","format-standard","has-post-thumbnail","hentry","category-teddybaeren"],"_links":{"self":[{"href":"https:\/\/arktos.stangl-taller.at\/news\/wp-json\/wp\/v2\/posts\/175","targetHints":{"allow":["GET"]}}],"collection":[{"href":"https:\/\/arktos.stangl-taller.at\/news\/wp-json\/wp\/v2\/posts"}],"about":[{"href":"https:\/\/arktos.stangl-taller.at\/news\/wp-json\/wp\/v2\/types\/post"}],"author":[{"embeddable":true,"href":"https:\/\/arktos.stangl-taller.at\/news\/wp-json\/wp\/v2\/users\/1"}],"replies":[{"embeddable":true,"href":"https:\/\/arktos.stangl-taller.at\/news\/wp-json\/wp\/v2\/comments?post=175"}],"version-history":[{"count":8,"href":"https:\/\/arktos.stangl-taller.at\/news\/wp-json\/wp\/v2\/posts\/175\/revisions"}],"predecessor-version":[{"id":248,"href":"https:\/\/arktos.stangl-taller.at\/news\/wp-json\/wp\/v2\/posts\/175\/revisions\/248"}],"wp:featuredmedia":[{"embeddable":true,"href":"https:\/\/arktos.stangl-taller.at\/news\/wp-json\/wp\/v2\/media\/396"}],"wp:attachment":[{"href":"https:\/\/arktos.stangl-taller.at\/news\/wp-json\/wp\/v2\/media?parent=175"}],"wp:term":[{"taxonomy":"category","embeddable":true,"href":"https:\/\/arktos.stangl-taller.at\/news\/wp-json\/wp\/v2\/categories?post=175"},{"taxonomy":"post_tag","embeddable":true,"href":"https:\/\/arktos.stangl-taller.at\/news\/wp-json\/wp\/v2\/tags?post=175"}],"curies":[{"name":"wp","href":"https:\/\/api.w.org\/{rel}","templated":true}]}}