{"id":212,"date":"2018-11-11T10:02:06","date_gmt":"2018-11-11T08:02:06","guid":{"rendered":"http:\/\/arktos.stangl-taller.at\/news\/?p=212"},"modified":"2019-01-11T16:08:52","modified_gmt":"2019-01-11T14:08:52","slug":"den-den-teddy-kann-man-nicht-digitalisieren","status":"publish","type":"post","link":"https:\/\/arktos.stangl-taller.at\/news\/den-den-teddy-kann-man-nicht-digitalisieren\/","title":{"rendered":"Den Teddy kann man nicht digitalisieren!"},"content":{"rendered":"<p class=\"meta-author\">F\u00fcr den Steiff-Chef Peter Hotz gibt es kein digitales Pendant zum Teddyb\u00e4ren, denn er sagt:<\/p>\n<h3><em>&#8222;Mit einem Tablet oder Smartphone l\u00e4sst sich nicht kuscheln, mit dem Teddy dagegen schon. Und der h\u00f6rt einem Kind auch besser zu als Siri.&#8220;<\/em><\/h3>\n<h3><span style=\"color: #ff0000;\">Da bin ich aber beruhigt!<\/span><\/h3>\n<p><strong>Quelle<\/strong>: &#8222;Welt am Sonntag&#8220;, S. 40<\/p>\n","protected":false},"excerpt":{"rendered":"<p>F\u00fcr den Steiff-Chef Peter Hotz gibt es kein digitales Pendant zum Teddyb\u00e4ren, denn er sagt: &#8222;Mit einem Tablet oder Smartphone l\u00e4sst sich nicht kuscheln, mit dem Teddy dagegen schon. Und der h\u00f6rt einem Kind auch besser zu als Siri.&#8220; Da bin ich aber beruhigt! Quelle: &#8222;Welt am Sonntag&#8220;, S. 40<\/p>\n","protected":false},"author":1,"featured_media":390,"comment_status":"closed","ping_status":"closed","sticky":false,"template":"","format":"standard","meta":{"footnotes":""},"categories":[51,53],"tags":[],"class_list":["post-212","post","type-post","status-publish","format-standard","has-post-thumbnail","hentry","category-steiff","category-teddy"],"_links":{"self":[{"href":"https:\/\/arktos.stangl-taller.at\/news\/wp-json\/wp\/v2\/posts\/212","targetHints":{"allow":["GET"]}}],"collection":[{"href":"https:\/\/arktos.stangl-taller.at\/news\/wp-json\/wp\/v2\/posts"}],"about":[{"href":"https:\/\/arktos.stangl-taller.at\/news\/wp-json\/wp\/v2\/types\/post"}],"author":[{"embeddable":true,"href":"https:\/\/arktos.stangl-taller.at\/news\/wp-json\/wp\/v2\/users\/1"}],"replies":[{"embeddable":true,"href":"https:\/\/arktos.stangl-taller.at\/news\/wp-json\/wp\/v2\/comments?post=212"}],"version-history":[{"count":3,"href":"https:\/\/arktos.stangl-taller.at\/news\/wp-json\/wp\/v2\/posts\/212\/revisions"}],"predecessor-version":[{"id":223,"href":"https:\/\/arktos.stangl-taller.at\/news\/wp-json\/wp\/v2\/posts\/212\/revisions\/223"}],"wp:featuredmedia":[{"embeddable":true,"href":"https:\/\/arktos.stangl-taller.at\/news\/wp-json\/wp\/v2\/media\/390"}],"wp:attachment":[{"href":"https:\/\/arktos.stangl-taller.at\/news\/wp-json\/wp\/v2\/media?parent=212"}],"wp:term":[{"taxonomy":"category","embeddable":true,"href":"https:\/\/arktos.stangl-taller.at\/news\/wp-json\/wp\/v2\/categories?post=212"},{"taxonomy":"post_tag","embeddable":true,"href":"https:\/\/arktos.stangl-taller.at\/news\/wp-json\/wp\/v2\/tags?post=212"}],"curies":[{"name":"wp","href":"https:\/\/api.w.org\/{rel}","templated":true}]}}