{"id":485,"date":"2021-08-24T14:52:40","date_gmt":"2021-08-24T12:52:40","guid":{"rendered":"https:\/\/arktos.stangl-taller.at\/news\/?p=485"},"modified":"2021-08-24T14:52:40","modified_gmt":"2021-08-24T12:52:40","slug":"pooh-hat-einen-schwierigen-tag","status":"publish","type":"post","link":"https:\/\/arktos.stangl-taller.at\/news\/pooh-hat-einen-schwierigen-tag\/","title":{"rendered":"Pooh hat einen schwierigen Tag!"},"content":{"rendered":"<p>&#8222;Heute ist f\u00fcr mich ein schwieriger Tag&#8220; sagt Pooh und schweigt.<br \/>\n&#8222;M\u00f6chtest du dar\u00fcber reden?&#8220; fragt das Ferkel.<br \/>\n&#8222;Nein&#8220;, sagt Pooh nach einer Weile. &#8222;Ich glaube nicht, dass ich das m\u00f6chte&#8220;.<br \/>\n&#8222;Das ist v\u00f6llig in Ordnung&#8220; sagt das Ferkel und setzte sich neben seinem Freund.<br \/>\n&#8222;Was machst du?&#8220; fragt Pooh.<br \/>\n&#8222;Nichts weiter&#8220; sagt das Ferkel. &#8222;Ich wei\u00df, dass es schwierige Tage gibt und dann m\u00f6chte ich an so einem Tag auch nicht wirklich reden&#8220;.<br \/>\n&#8222;Aber wei\u00dft du&#8220;, sagt das Ferkel weiter, &#8222;schwierige Tage sind viel leichter wenn du wei\u00dft, dass jemand f\u00fcr dich da ist. Und ich werde immer f\u00fcr dich da sein, Pooh&#8220;.<br \/>\nUnd da sa\u00df Pooh nun dort, an seinem schwierigen Tag mit all seinen schweren Gedanken.<br \/>\nUnd das liebe, vertrauensvolle Ferkel sa\u00df schweigend neben ihm und wippte mit seinen kurzen Beinchen.<br \/>\nUnd Pooh dachte dar\u00fcber nach, dass das Ferkel eigentlich Recht hatte.<\/p>\n","protected":false},"excerpt":{"rendered":"<p>&#8222;Heute ist f\u00fcr mich ein schwieriger Tag&#8220; sagt Pooh und schweigt. &#8222;M\u00f6chtest du dar\u00fcber reden?&#8220; fragt das Ferkel. &#8222;Nein&#8220;, sagt Pooh nach einer Weile. &#8222;Ich glaube nicht, dass ich das m\u00f6chte&#8220;. &#8222;Das ist v\u00f6llig in Ordnung&#8220; sagt das Ferkel und setzte sich neben seinem Freund. &#8222;Was machst du?&#8220; fragt Pooh. &#8222;Nichts weiter&#8220; sagt das Ferkel. &hellip; <a href=\"https:\/\/arktos.stangl-taller.at\/news\/pooh-hat-einen-schwierigen-tag\/\" class=\"more-link\"><span class=\"screen-reader-text\">Pooh hat einen schwierigen Tag!<\/span> weiterlesen <span class=\"meta-nav\">&rarr;<\/span><\/a><\/p>\n","protected":false},"author":1,"featured_media":487,"comment_status":"closed","ping_status":"closed","sticky":false,"template":"","format":"standard","meta":{"footnotes":""},"categories":[81],"tags":[],"class_list":["post-485","post","type-post","status-publish","format-standard","has-post-thumbnail","hentry","category-baeren-literatur"],"_links":{"self":[{"href":"https:\/\/arktos.stangl-taller.at\/news\/wp-json\/wp\/v2\/posts\/485","targetHints":{"allow":["GET"]}}],"collection":[{"href":"https:\/\/arktos.stangl-taller.at\/news\/wp-json\/wp\/v2\/posts"}],"about":[{"href":"https:\/\/arktos.stangl-taller.at\/news\/wp-json\/wp\/v2\/types\/post"}],"author":[{"embeddable":true,"href":"https:\/\/arktos.stangl-taller.at\/news\/wp-json\/wp\/v2\/users\/1"}],"replies":[{"embeddable":true,"href":"https:\/\/arktos.stangl-taller.at\/news\/wp-json\/wp\/v2\/comments?post=485"}],"version-history":[{"count":1,"href":"https:\/\/arktos.stangl-taller.at\/news\/wp-json\/wp\/v2\/posts\/485\/revisions"}],"predecessor-version":[{"id":488,"href":"https:\/\/arktos.stangl-taller.at\/news\/wp-json\/wp\/v2\/posts\/485\/revisions\/488"}],"wp:featuredmedia":[{"embeddable":true,"href":"https:\/\/arktos.stangl-taller.at\/news\/wp-json\/wp\/v2\/media\/487"}],"wp:attachment":[{"href":"https:\/\/arktos.stangl-taller.at\/news\/wp-json\/wp\/v2\/media?parent=485"}],"wp:term":[{"taxonomy":"category","embeddable":true,"href":"https:\/\/arktos.stangl-taller.at\/news\/wp-json\/wp\/v2\/categories?post=485"},{"taxonomy":"post_tag","embeddable":true,"href":"https:\/\/arktos.stangl-taller.at\/news\/wp-json\/wp\/v2\/tags?post=485"}],"curies":[{"name":"wp","href":"https:\/\/api.w.org\/{rel}","templated":true}]}}