{"id":549,"date":"2023-09-11T10:47:25","date_gmt":"2023-09-11T08:47:25","guid":{"rendered":"https:\/\/arktos.stangl-taller.at\/news\/?p=549"},"modified":"2023-09-11T13:48:29","modified_gmt":"2023-09-11T11:48:29","slug":"baeriger-schulbeginn-mit-einem-sehr-grossen-bruder","status":"publish","type":"post","link":"https:\/\/arktos.stangl-taller.at\/news\/baeriger-schulbeginn-mit-einem-sehr-grossen-bruder\/","title":{"rendered":"B\u00e4riger Schulbeginn mit einem sehr gro\u00dfen Bruder!"},"content":{"rendered":"<p>Unter dem Titel &#8222;B\u00e4riger Schulbeginn&#8220; fand sich am 11. September 2023 folgender Bericht in den O\u00d6N:<\/p>\n<p>&#8222;Ein f\u00fcnf Meter gro\u00dfer Stoffb\u00e4r hat vor der Volksschule Rainbach im M\u00fchlkreis Platz genommen. Urspr\u00fcnglich war er Teil der Kulisse der \u201eMeistersinger von N\u00fcrnberg&#8220; im Linzer Musiktheater. Dort ist nun f\u00fcr ihn kein Platz mehr. Manfred St\u00f6glehner, geb\u00fcrtiger Rainbacher und Requisiteur, hatte die Idee, ihn zu Schulbeginn vor der Volksschule aufzustellen.&#8220;<\/p>\n<p><img decoding=\"async\" class=\"aligncenter size-full wp-image-550\" src=\"https:\/\/arktos.stangl-taller.at\/news\/wp-content\/uploads\/2023\/09\/riesiger-baer.jpeg\" alt=\"\" width=\"100%\" srcset=\"https:\/\/arktos.stangl-taller.at\/news\/wp-content\/uploads\/2023\/09\/riesiger-baer.jpeg 800w, https:\/\/arktos.stangl-taller.at\/news\/wp-content\/uploads\/2023\/09\/riesiger-baer-300x269.jpeg 300w, https:\/\/arktos.stangl-taller.at\/news\/wp-content\/uploads\/2023\/09\/riesiger-baer-768x688.jpeg 768w\" sizes=\"(max-width: 800px) 100vw, 800px\" \/><\/p>\n<p>Da macht einem die Schule gleich mehr Freude! Ob wir vor unserer B\u00e4renschule auch ein gro\u00dfes Menschenkind hinsetzen sollten? Wei\u00df jemand, wo man ein f\u00fcnf Meter hohes Menschenkind herbekommt? Das habe ich ChatGPT gefragt, und die Antwort bekommen: &#8222;Es ist nicht m\u00f6glich, ein f\u00fcnf Meter hohes Menschenkind zu bekommen, da solche Wesen nicht existieren. Die durchschnittliche Gr\u00f6\u00dfe eines Menschen liegt bei etwa 1,70 bis 1,80 Metern. Es gibt zwar seltene F\u00e4lle von \u00fcberdurchschnittlicher Gr\u00f6\u00dfe aufgrund genetischer Anomalien oder Krankheiten, aber f\u00fcnf Meter ist bei weitem unrealistisch. Es ist wichtig zu verstehen, dass die Gr\u00f6\u00dfe eines Menschen von seinen genetischen Anlagen und seinem Wachstum w\u00e4hrend der Entwicklung abh\u00e4ngt. Die Gr\u00f6\u00dfe eines Menschen kann nicht einfach so ver\u00e4ndert werden, es sei denn, es handelt sich um eine medizinische Behandlung, die von einem qualifizierten Arzt durchgef\u00fchrt wird, und selbst dann gibt es Grenzen f\u00fcr das Wachstum.&#8220; Und Bard hat mir geschrieben: &#8222;Es gibt keine M\u00f6glichkeit, ein f\u00fcnf Meter hohes Menschenkind zu bekommen. Der gr\u00f6\u00dfte Mensch, der jemals aufgezeichnet wurde, war Robert Wadlow, der 2,72 Meter gro\u00df war. Es ist nicht m\u00f6glich, ein Menschenkind zu zwingen, so gro\u00df zu werden, und es w\u00e4re auch nicht sicher. Menschenkinder, die gr\u00f6\u00dfer als normal sind, sind oft mit gesundheitlichen Problemen konfrontiert.&#8220;<\/p>\n<p>Schade!<\/p>\n<p>Das sch\u00f6ne Foto stammt \u00fcbrigens von Herrn <a href=\"https:\/\/www.pramhofer-erwin.at\/\" target=\"_blank\" rel=\"noopener\">Erwin Pramhofer,<\/a> dem wir B\u00e4ren daf\u00fcr sehr dankbar sind!<\/p>\n<p>Brumm!<\/p>\n","protected":false},"excerpt":{"rendered":"<p>Unter dem Titel &#8222;B\u00e4riger Schulbeginn&#8220; fand sich am 11. September 2023 folgender Bericht in den O\u00d6N: &#8222;Ein f\u00fcnf Meter gro\u00dfer Stoffb\u00e4r hat vor der Volksschule Rainbach im M\u00fchlkreis Platz genommen. Urspr\u00fcnglich war er Teil der Kulisse der \u201eMeistersinger von N\u00fcrnberg&#8220; im Linzer Musiktheater. Dort ist nun f\u00fcr ihn kein Platz mehr. Manfred St\u00f6glehner, geb\u00fcrtiger Rainbacher &hellip; <a href=\"https:\/\/arktos.stangl-taller.at\/news\/baeriger-schulbeginn-mit-einem-sehr-grossen-bruder\/\" class=\"more-link\"><span class=\"screen-reader-text\">B\u00e4riger Schulbeginn mit einem sehr gro\u00dfen Bruder!<\/span> weiterlesen <span class=\"meta-nav\">&rarr;<\/span><\/a><\/p>\n","protected":false},"author":1,"featured_media":0,"comment_status":"closed","ping_status":"closed","sticky":false,"template":"","format":"standard","meta":{"footnotes":""},"categories":[11,83,82],"tags":[],"class_list":["post-549","post","type-post","status-publish","format-standard","hentry","category-baer","category-skurriles","category-spezielles"],"_links":{"self":[{"href":"https:\/\/arktos.stangl-taller.at\/news\/wp-json\/wp\/v2\/posts\/549","targetHints":{"allow":["GET"]}}],"collection":[{"href":"https:\/\/arktos.stangl-taller.at\/news\/wp-json\/wp\/v2\/posts"}],"about":[{"href":"https:\/\/arktos.stangl-taller.at\/news\/wp-json\/wp\/v2\/types\/post"}],"author":[{"embeddable":true,"href":"https:\/\/arktos.stangl-taller.at\/news\/wp-json\/wp\/v2\/users\/1"}],"replies":[{"embeddable":true,"href":"https:\/\/arktos.stangl-taller.at\/news\/wp-json\/wp\/v2\/comments?post=549"}],"version-history":[{"count":6,"href":"https:\/\/arktos.stangl-taller.at\/news\/wp-json\/wp\/v2\/posts\/549\/revisions"}],"predecessor-version":[{"id":558,"href":"https:\/\/arktos.stangl-taller.at\/news\/wp-json\/wp\/v2\/posts\/549\/revisions\/558"}],"wp:attachment":[{"href":"https:\/\/arktos.stangl-taller.at\/news\/wp-json\/wp\/v2\/media?parent=549"}],"wp:term":[{"taxonomy":"category","embeddable":true,"href":"https:\/\/arktos.stangl-taller.at\/news\/wp-json\/wp\/v2\/categories?post=549"},{"taxonomy":"post_tag","embeddable":true,"href":"https:\/\/arktos.stangl-taller.at\/news\/wp-json\/wp\/v2\/tags?post=549"}],"curies":[{"name":"wp","href":"https:\/\/api.w.org\/{rel}","templated":true}]}}