{"id":58,"date":"2007-11-30T00:39:00","date_gmt":"2007-11-29T22:39:00","guid":{"rendered":"http:\/\/www.stangl-taller.at\/ARKTOS\/news\/?p=58"},"modified":"2017-05-04T16:00:18","modified_gmt":"2017-05-04T14:00:18","slug":"mohammed-muss-ins-gefaengnis","status":"publish","type":"post","link":"https:\/\/arktos.stangl-taller.at\/news\/mohammed-muss-ins-gefaengnis\/","title":{"rendered":"Mohammed muss ins Gef\u00e4ngnis!"},"content":{"rendered":"<p><a href=\"http:\/\/www.stangl-taller.at\/ARKTOS\/news\/wp-content\/uploads\/2007\/11\/mohammed-728047.jpg\"><img decoding=\"async\" style=\"margin: 0px auto 10px; display: block; text-align: center; cursor: pointer;\" src=\"http:\/\/www.stangl-taller.at\/ARKTOS\/news\/wp-content\/uploads\/2007\/11\/mohammed-728047-300x139.jpg\" alt=\"\" border=\"0\" \/><\/a><br \/>Eine englische Lehrerin, die einem Teddy-B\u00e4ren den Namen Mohammed gab, ist jetzt im Sudan wegen &#8222;Beleidigung der Religion und Aufstachelung zum religi\u00f6sen Hass&#8220; verurteilt worden. Gillian Gibbons muss f\u00fcr 15 Tage ins Gef\u00e4ngnis. Zudem soll die P\u00e4dagogin nach Ende der Haft abgeschoben werden.<br \/><a href=\"http:\/\/news.de.msn.com\/panorama\/\"><strong><\/strong><\/a><\/p>\n","protected":false},"excerpt":{"rendered":"<p>Eine englische Lehrerin, die einem Teddy-B\u00e4ren den Namen Mohammed gab, ist jetzt im Sudan wegen &#8222;Beleidigung der Religion und Aufstachelung zum religi\u00f6sen Hass&#8220; verurteilt worden. Gillian Gibbons muss f\u00fcr 15 Tage ins Gef\u00e4ngnis. Zudem soll die P\u00e4dagogin nach Ende der Haft abgeschoben werden.<\/p>\n","protected":false},"author":1,"featured_media":459,"comment_status":"open","ping_status":"open","sticky":false,"template":"","format":"standard","meta":{"footnotes":""},"categories":[1],"tags":[],"class_list":["post-58","post","type-post","status-publish","format-standard","has-post-thumbnail","hentry","category-allgemein"],"_links":{"self":[{"href":"https:\/\/arktos.stangl-taller.at\/news\/wp-json\/wp\/v2\/posts\/58","targetHints":{"allow":["GET"]}}],"collection":[{"href":"https:\/\/arktos.stangl-taller.at\/news\/wp-json\/wp\/v2\/posts"}],"about":[{"href":"https:\/\/arktos.stangl-taller.at\/news\/wp-json\/wp\/v2\/types\/post"}],"author":[{"embeddable":true,"href":"https:\/\/arktos.stangl-taller.at\/news\/wp-json\/wp\/v2\/users\/1"}],"replies":[{"embeddable":true,"href":"https:\/\/arktos.stangl-taller.at\/news\/wp-json\/wp\/v2\/comments?post=58"}],"version-history":[{"count":2,"href":"https:\/\/arktos.stangl-taller.at\/news\/wp-json\/wp\/v2\/posts\/58\/revisions"}],"predecessor-version":[{"id":185,"href":"https:\/\/arktos.stangl-taller.at\/news\/wp-json\/wp\/v2\/posts\/58\/revisions\/185"}],"wp:featuredmedia":[{"embeddable":true,"href":"https:\/\/arktos.stangl-taller.at\/news\/wp-json\/wp\/v2\/media\/459"}],"wp:attachment":[{"href":"https:\/\/arktos.stangl-taller.at\/news\/wp-json\/wp\/v2\/media?parent=58"}],"wp:term":[{"taxonomy":"category","embeddable":true,"href":"https:\/\/arktos.stangl-taller.at\/news\/wp-json\/wp\/v2\/categories?post=58"},{"taxonomy":"post_tag","embeddable":true,"href":"https:\/\/arktos.stangl-taller.at\/news\/wp-json\/wp\/v2\/tags?post=58"}],"curies":[{"name":"wp","href":"https:\/\/api.w.org\/{rel}","templated":true}]}}