{"id":71,"date":"2005-12-28T16:24:00","date_gmt":"2005-12-28T14:24:00","guid":{"rendered":"http:\/\/www.stangl-taller.at\/ARKTOS\/news\/?p=71"},"modified":"2014-10-25T14:27:22","modified_gmt":"2014-10-25T12:27:22","slug":"das-leben-der-magarete-steiff-verfilmt","status":"publish","type":"post","link":"https:\/\/arktos.stangl-taller.at\/news\/das-leben-der-magarete-steiff-verfilmt\/","title":{"rendered":"Das Leben der Magarete Steiff verfilmt!"},"content":{"rendered":"<p>Das Leben von <a href=\"http:\/\/www.stangl-taller.at\/ARKTOS\/GESCHICHTEN\/steiffmargarete.html\"><span style=\"font-weight:bold;\">Magarete Steiff<\/span><\/a>, unserer Erfinderin wurde vom Regisseur Xaver Schwarzenberg mit der wundersch\u00f6nen Heike Makatsch in der Titelrolle nun verfilmt. Wir sind alle vor dem Fernseher gesessen und haben alles miterlebt, so wie es damals war. Denn der Film war zwar sehr sch\u00f6n aber zugleich auch sehr traurig, denn unsere Mutter Margarete hatte es in ihrem Leben nicht sehr leicht. Viele Menschen haben sie immer wieder entt\u00e4uscht, aber sie gab einfach nicht auf. Zu unserem Gl\u00fcck! Denn sonst g\u00e4be es uns nicht! Brumm!<\/p>\n","protected":false},"excerpt":{"rendered":"<p>Das Leben von Magarete Steiff, unserer Erfinderin wurde vom Regisseur Xaver Schwarzenberg mit der wundersch\u00f6nen Heike Makatsch in der Titelrolle nun verfilmt. Wir sind alle vor dem Fernseher gesessen und haben alles miterlebt, so wie es damals war. Denn der Film war zwar sehr sch\u00f6n aber zugleich auch sehr traurig, denn unsere Mutter Margarete hatte &hellip; <a href=\"https:\/\/arktos.stangl-taller.at\/news\/das-leben-der-magarete-steiff-verfilmt\/\" class=\"more-link\"><span class=\"screen-reader-text\">Das Leben der Magarete Steiff verfilmt!<\/span> weiterlesen <span class=\"meta-nav\">&rarr;<\/span><\/a><\/p>\n","protected":false},"author":1,"featured_media":472,"comment_status":"open","ping_status":"open","sticky":false,"template":"","format":"standard","meta":{"footnotes":""},"categories":[1],"tags":[],"class_list":["post-71","post","type-post","status-publish","format-standard","has-post-thumbnail","hentry","category-allgemein"],"_links":{"self":[{"href":"https:\/\/arktos.stangl-taller.at\/news\/wp-json\/wp\/v2\/posts\/71","targetHints":{"allow":["GET"]}}],"collection":[{"href":"https:\/\/arktos.stangl-taller.at\/news\/wp-json\/wp\/v2\/posts"}],"about":[{"href":"https:\/\/arktos.stangl-taller.at\/news\/wp-json\/wp\/v2\/types\/post"}],"author":[{"embeddable":true,"href":"https:\/\/arktos.stangl-taller.at\/news\/wp-json\/wp\/v2\/users\/1"}],"replies":[{"embeddable":true,"href":"https:\/\/arktos.stangl-taller.at\/news\/wp-json\/wp\/v2\/comments?post=71"}],"version-history":[{"count":0,"href":"https:\/\/arktos.stangl-taller.at\/news\/wp-json\/wp\/v2\/posts\/71\/revisions"}],"wp:featuredmedia":[{"embeddable":true,"href":"https:\/\/arktos.stangl-taller.at\/news\/wp-json\/wp\/v2\/media\/472"}],"wp:attachment":[{"href":"https:\/\/arktos.stangl-taller.at\/news\/wp-json\/wp\/v2\/media?parent=71"}],"wp:term":[{"taxonomy":"category","embeddable":true,"href":"https:\/\/arktos.stangl-taller.at\/news\/wp-json\/wp\/v2\/categories?post=71"},{"taxonomy":"post_tag","embeddable":true,"href":"https:\/\/arktos.stangl-taller.at\/news\/wp-json\/wp\/v2\/tags?post=71"}],"curies":[{"name":"wp","href":"https:\/\/api.w.org\/{rel}","templated":true}]}}